{"id":7725,"date":"2022-07-19T16:17:15","date_gmt":"2022-07-19T14:17:15","guid":{"rendered":"https:\/\/www.novatris.uha.fr\/?p=7725"},"modified":"2022-07-22T09:23:08","modified_gmt":"2022-07-22T07:23:08","slug":"catherine-de-zurich-a-berlin-pour-des-etudes-sans-frontieres","status":"publish","type":"post","link":"http:\/\/www.novatris.uha.fr\/index.php\/catherine-de-zurich-a-berlin-pour-des-etudes-sans-frontieres\/","title":{"rendered":"Catherine : de Z\u00fcrich \u00e0 Berlin pour des \u00e9tudes sans fronti\u00e8res"},"content":{"rendered":"<p><strong>Catherine, peux-tu nous pr\u00e9senter ton parcours ?<\/strong><\/p>\n<p>J\u2019ai rejoint l\u2019aventure IBM en 2018 \u00e0 la suite d\u2019un cursus scientifique au lyc\u00e9e.<\/p>\n<p>Je n\u2019ai pas fait AbiBac, contrairement \u00e0 beaucoup d\u2019autres mais j\u2019ai fait section europ\u00e9enne allemand. Je savais que je voulais concilier les langues avec un domaine et on m\u2019a parl\u00e9 du concept des cursus bi-\/ tri-nationaux et d\u2019IBM en particulier. Ces cursus sont moins connus dans le Nord de l\u2019Alsace, ce que je trouve particuli\u00e8rement dommage. Pas besoin d\u2019\u00eatre bilingue d\u00e8s le d\u00e9part selon moi, si on se d\u00e9brouille en langue et qu\u2019on a surtout la volont\u00e9 d\u2019apprendre on peut tr\u00e8s bien y arriver. Entre les semestres en Suisse et en Allemagne on apprend l\u2019allemand sur le tas car c\u2019est l\u00e0 qu\u2019on est \u00ab dans le bain \u00bb. L\u2019apprentissage de l\u2019allemand s\u00b4est poursuivi lors de mes diff\u00e9rents stages en Allemagne et en Suisse.<\/p>\n<p>Apr\u00e8s 3 belles ann\u00e9es qui m\u2019ont tant appris, j\u2019ai suivi mon envie d\u2019explorer et suis partie faire mon stage de fin d\u2019\u00e9tude \u00e0 Z\u00fcrich dans le secteur de l\u00b4\u00e9nergie dans le domaine commercial et la gestion de projet. J\u2019ai ensuite souhait\u00e9 prolonger ce stage \u00e0 Berlin et je travaille maintenant dans le service Recherche et D\u00e9veloppement sur des th\u00e9matiques li\u00e9es \u00e0 la RSE et au d\u00e9veloppement durable des produits.<\/p>\n<p><strong><a href=\"http:\/\/www.novatris.uha.fr\/wp-content\/uploads\/2022\/07\/MontageFeedCut-e1658391210737.png\"><img loading=\"lazy\" decoding=\"async\" class=\"alignright wp-image-8005 size-large\" src=\"http:\/\/www.novatris.uha.fr\/wp-content\/uploads\/2022\/07\/MontageFeedCut-e1658391210737-253x1024.png\" alt=\"\" width=\"253\" height=\"1024\" srcset=\"http:\/\/www.novatris.uha.fr\/wp-content\/uploads\/2022\/07\/MontageFeedCut-e1658391210737-253x1024.png 253w, http:\/\/www.novatris.uha.fr\/wp-content\/uploads\/2022\/07\/MontageFeedCut-e1658391210737-74x300.png 74w, http:\/\/www.novatris.uha.fr\/wp-content\/uploads\/2022\/07\/MontageFeedCut-e1658391210737-380x1536.png 380w\" sizes=\"auto, (max-width: 253px) 100vw, 253px\" \/><\/a><\/strong><\/p>\n<p><strong>Tu as cr\u00e9\u00e9 un co<\/strong><strong>mpte <\/strong><strong>Instagram dans le cadre des activit\u00e9s d\u2019engagement interculturel accompagn\u00e9es par NovaTris. <\/strong><\/p>\n<p><strong>Peux-tu nous dire ce qui a <\/strong><strong>m<\/strong><strong>otiv\u00e9 ton projet ?<\/strong><\/p>\n<p>NovaTris m\u2019avait propos\u00e9 de faire un \u00ab\u00a0regard d\u2019\u00e9tudiant sur la mobilit\u00e9\u00a0\u00bb. J\u2019ai vu le Fast and Curious des Regio Chimica et je me suis dit que j\u2019aimerais bien aussi proposer un contenu sympathique et dynamique en lien avec l\u2019audiovisuel.<\/p>\n<p>J\u2019ai d\u00e9cid\u00e9 de cr\u00e9er le compte Instagram <strong>@cathinberlin<\/strong> afin de partager mon exp\u00e9rience \u00e9tudiante \u00e0 l\u2019\u00e9tranger.\u00a0 Je me suis aussi dit que cela me pousserait \u00e0 prendre des initiatives pour faire des choses que je n\u2019aurais peut-\u00eatre pas faites sur place. Le compte m\u2019a pouss\u00e9 \u00e0 chercher l\u2019histoire des endroits o\u00f9 j\u00b4allais pour rendre \u00e9galement mon post Instagram informatif.<\/p>\n<p>Berlin pour moi en trois mots c\u2019est\u00a0: <strong>multiculturel<\/strong>, <strong>ouvert d\u2019esprit<\/strong> et au <strong>style alternatif<\/strong>.<\/p>\n<p>Ce qui me pla\u00eet dans cette ville c\u2019est la diversit\u00e9\u00a0! Entre les personnes dans la rue qui ont un style unique et affirm\u00e9 et \u00e9galement la diversit\u00e9 culturelle riche et vari\u00e9e, il y en a pour tous les go\u00fbts.<\/p>\n<p>&nbsp;<\/p>\n<p><strong>Mon top 3 d<\/strong><strong>es meilleures adresses serait\u00a0:<\/strong><\/p>\n<ul>\n<li>Tr\u00e4nenpalast \u2013 Le palais des larmes \u2013 Ancien point de douane de la gare de Friedrichstrasse entre Berlin Est et Ouest, ce lieu explique \u00e0 l\u2019aide d\u2019un audioguide court sur le smartphone les principaux enjeux de cette p\u00e9riode<\/li>\n<li>La Coupole du Reichstag \u2013 Avec une vue sur le centre de Berlin, la visite de la coupole du Reichstag donne un aper\u00e7u des monuments principaux de la ville (pensez \u00e0 r\u00e9server vos billets en ligne au pr\u00e9alable)<\/li>\n<li>Mauerpark \u2013 Se balader un dimanche entre le march\u00e9 aux puces et les diff\u00e9rents artistes<\/li>\n<\/ul>\n<p>L\u2019\u00e9t\u00e9 \u00e0 Berlin est \u00e9galement tr\u00e8s sympa, entre les nombreux lacs et Biergarten.<\/p>\n<p>&nbsp;<\/p>\n<p>&nbsp;<\/p>\n<p><strong>Au premier semestre, tu as effectu\u00e9 ta mobilit\u00e9 \u00e0 Z\u00fcrich. Que retiens-tu de ton exp\u00e9rience de mobilit\u00e9\/ de ton exp\u00e9rience interculturelle l\u00e0-bas\u00a0? Qu\u2019as-tu particuli\u00e8rement appr\u00e9ci\u00e9\u00a0?<\/strong><\/p>\n<p>Habiter \u00e0 Z\u00fcrich, une sacr\u00e9e exp\u00e9rience\u00a0! Le niveau de vie n\u2019est pas le m\u00eame, mais j\u2019ai beaucoup appr\u00e9ci\u00e9 le cadre de vie entre les lacs et les montagnes\u00a0! C\u2019est propre, on ne craint pas de laisser son v\u00e9lo dehors et le pays est tr\u00e8s bien desservi par les transports en communs (\u00d6V). Il est tr\u00e8s facile de prendre le train et aller faire une rando ou d\u2019y emmener ses skis et se rendre sur les pistes.<\/p>\n<p>Mon exp\u00e9rience professionnelle en Suisse m\u2019a permis de perfectionner mon Schwyzerd\u00fctsch m\u00eame si cela reste mon plus gros obstacle car il est ancr\u00e9 dans la culture. De plus les Suisses travaillent plus qu\u00b4en France, minimum 40h par semaine.<\/p>\n<p><strong><div class=\"su-row\"><div class=\"su-column su-column-size-1-2\"><div class=\"su-column-inner su-u-clearfix su-u-trim\"><\/strong><a href=\"http:\/\/www.novatris.uha.fr\/wp-content\/uploads\/2022\/07\/6.jpg\"><img loading=\"lazy\" decoding=\"async\" class=\"alignnone wp-image-7734\" src=\"http:\/\/www.novatris.uha.fr\/wp-content\/uploads\/2022\/07\/6-300x300.jpg\" alt=\"\" width=\"236\" height=\"236\" srcset=\"http:\/\/www.novatris.uha.fr\/wp-content\/uploads\/2022\/07\/6-300x300.jpg 300w, http:\/\/www.novatris.uha.fr\/wp-content\/uploads\/2022\/07\/6-150x150.jpg 150w, http:\/\/www.novatris.uha.fr\/wp-content\/uploads\/2022\/07\/6-96x96.jpg 96w, http:\/\/www.novatris.uha.fr\/wp-content\/uploads\/2022\/07\/6-84x84.jpg 84w, http:\/\/www.novatris.uha.fr\/wp-content\/uploads\/2022\/07\/6.jpg 640w\" sizes=\"auto, (max-width: 236px) 100vw, 236px\" \/><\/a><\/p>\n<p>Vue sur Z\u00fcrich depuis le Lindenhof<\/p>\n<p><strong><\/div><\/div><\/strong><strong><div class=\"su-column su-column-size-1-2\"><div class=\"su-column-inner su-u-clearfix su-u-trim\"><\/div><\/div><\/strong><\/p>\n<p><a href=\"http:\/\/www.novatris.uha.fr\/wp-content\/uploads\/2022\/07\/5.jpg\"><img loading=\"lazy\" decoding=\"async\" class=\"alignnone wp-image-7733\" src=\"http:\/\/www.novatris.uha.fr\/wp-content\/uploads\/2022\/07\/5-300x300.jpg\" alt=\"\" width=\"236\" height=\"236\" srcset=\"http:\/\/www.novatris.uha.fr\/wp-content\/uploads\/2022\/07\/5-300x300.jpg 300w, http:\/\/www.novatris.uha.fr\/wp-content\/uploads\/2022\/07\/5-150x150.jpg 150w, http:\/\/www.novatris.uha.fr\/wp-content\/uploads\/2022\/07\/5-96x96.jpg 96w, http:\/\/www.novatris.uha.fr\/wp-content\/uploads\/2022\/07\/5-84x84.jpg 84w, http:\/\/www.novatris.uha.fr\/wp-content\/uploads\/2022\/07\/5.jpg 640w\" sizes=\"auto, (max-width: 236px) 100vw, 236px\" \/><\/a><\/p>\n<p>Z\u00fcrichsee<\/p>\n<p><strong><\/div><\/strong><strong>Que retiens-tu de ton ann\u00e9e pass\u00e9e \u00e0 Berlin ? Aurais-tu un conseil \u00e0 donner aux \u00e9tudiants qui souhaitent tenter une mobilit\u00e9 \u00e0 l\u2019\u00e9tranger ?<\/strong><\/p>\n<p>Mon conseil\u00a0serait d\u00b4aller au-del\u00e0 d\u00b4une mobilit\u00e9 dans le bassin transfrontalier. Cela est une bonne opportunit\u00e9 mais le fait d\u2019aller encore un peu plus loin est une exp\u00e9rience sans cadre, en immersion \u00e0 100%... J\u2019ai \u00e9norm\u00e9ment appr\u00e9ci\u00e9 Berlin, c\u2019est jeune et dynamique\u2026 Je ne peux que conseiller aux \u00e9tudiants de faire une mobilit\u00e9, le fait de se retrouver vraiment seule m\u2019a permis d\u2019en apprendre plus sur moi-m\u00eame.<\/p>\n<p><strong>Et apr\u00e8s le stage\u00a0et la licence IBM ?<\/strong><\/p>\n<p>Je vais faire une ann\u00e9e de c\u00e9sure l\u00b4ann\u00e9e prochaine afin de pr\u00e9parer certains concours pour l\u00b4entr\u00e9e en Master et faire d\u00b4autre exp\u00e9riences professionnelles. Ensuite je souhaite faire un Master id\u00e9alement dans les pays scandinaves et m\u00b4orienter dans le d\u00e9veloppement durable.<\/p>\n","protected":false},"excerpt":{"rendered":"<p>Catherine, peux-tu nous pr\u00e9senter ton parcours ? J\u2019ai rejoint l\u2019aventure IBM en 2018 \u00e0 la suite d\u2019un cursus scientifique au lyc\u00e9e. Je n\u2019ai pas fait AbiBac, contrairement \u00e0 beaucoup d\u2019autres mais j\u2019ai fait section europ\u00e9enne allemand. Je savais que je voulais concilier les langues avec un domaine et on m\u2019a parl\u00e9 du concept des cursus [&hellip;]<\/p>\n","protected":false},"author":1,"featured_media":5261,"comment_status":"closed","ping_status":"closed","sticky":false,"template":"","format":"standard","meta":{"footnotes":""},"categories":[15],"tags":[],"class_list":["post-7725","post","type-post","status-publish","format-standard","has-post-thumbnail","hentry","category-regards-sur-la-mobilite"],"yoast_head":"<!-- This site is optimized with the Yoast SEO plugin v24.8.1 - https:\/\/yoast.com\/wordpress\/plugins\/seo\/ -->\n<title>Catherine : de Z\u00fcrich \u00e0 Berlin pour des \u00e9tudes sans fronti\u00e8res - NovaTris, centre de comp\u00e9tences transfrontali\u00e8res | Universit\u00e9 de Haute-Alsace<\/title>\n<meta name=\"robots\" content=\"index, follow, max-snippet:-1, max-image-preview:large, max-video-preview:-1\" \/>\n<link rel=\"canonical\" href=\"http:\/\/www.novatris.uha.fr\/index.php\/catherine-de-zurich-a-berlin-pour-des-etudes-sans-frontieres\/\" \/>\n<meta property=\"og:locale\" content=\"fr_FR\" \/>\n<meta property=\"og:type\" content=\"article\" \/>\n<meta property=\"og:title\" content=\"Catherine : de Z\u00fcrich \u00e0 Berlin pour des \u00e9tudes sans fronti\u00e8res - NovaTris, centre de comp\u00e9tences transfrontali\u00e8res | Universit\u00e9 de Haute-Alsace\" \/>\n<meta property=\"og:description\" content=\"Catherine, peux-tu nous pr\u00e9senter ton parcours ? J\u2019ai rejoint l\u2019aventure IBM en 2018 \u00e0 la suite d\u2019un cursus scientifique au lyc\u00e9e. Je n\u2019ai pas fait AbiBac, contrairement \u00e0 beaucoup d\u2019autres mais j\u2019ai fait section europ\u00e9enne allemand. Je savais que je voulais concilier les langues avec un domaine et on m\u2019a parl\u00e9 du concept des cursus [&hellip;]\" \/>\n<meta property=\"og:url\" content=\"http:\/\/www.novatris.uha.fr\/index.php\/catherine-de-zurich-a-berlin-pour-des-etudes-sans-frontieres\/\" \/>\n<meta property=\"og:site_name\" content=\"NovaTris, centre de comp\u00e9tences transfrontali\u00e8res | Universit\u00e9 de Haute-Alsace\" \/>\n<meta property=\"article:published_time\" content=\"2022-07-19T14:17:15+00:00\" \/>\n<meta property=\"article:modified_time\" content=\"2022-07-22T07:23:08+00:00\" \/>\n<meta property=\"og:image\" content=\"http:\/\/www.novatris.uha.fr\/wp-content\/uploads\/2021\/03\/Regards_mobilite\u0301_blog_textes.jpg\" \/>\n\t<meta property=\"og:image:width\" content=\"500\" \/>\n\t<meta property=\"og:image:height\" content=\"350\" \/>\n\t<meta property=\"og:image:type\" content=\"image\/jpeg\" \/>\n<meta name=\"author\" content=\"webmaster@uha.fr\" \/>\n<meta name=\"twitter:card\" content=\"summary_large_image\" \/>\n<meta name=\"twitter:label1\" content=\"\u00c9crit par\" \/>\n\t<meta name=\"twitter:data1\" content=\"webmaster@uha.fr\" \/>\n\t<meta name=\"twitter:label2\" content=\"Dur\u00e9e de lecture estim\u00e9e\" \/>\n\t<meta name=\"twitter:data2\" content=\"5 minutes\" \/>\n<script type=\"application\/ld+json\" class=\"yoast-schema-graph\">{\"@context\":\"https:\/\/schema.org\",\"@graph\":[{\"@type\":\"WebPage\",\"@id\":\"http:\/\/www.novatris.uha.fr\/index.php\/catherine-de-zurich-a-berlin-pour-des-etudes-sans-frontieres\/\",\"url\":\"http:\/\/www.novatris.uha.fr\/index.php\/catherine-de-zurich-a-berlin-pour-des-etudes-sans-frontieres\/\",\"name\":\"Catherine : de Z\u00fcrich \u00e0 Berlin pour des \u00e9tudes sans fronti\u00e8res - NovaTris, centre de comp\u00e9tences transfrontali\u00e8res | Universit\u00e9 de Haute-Alsace\",\"isPartOf\":{\"@id\":\"http:\/\/www.novatris.uha.fr\/#website\"},\"primaryImageOfPage\":{\"@id\":\"http:\/\/www.novatris.uha.fr\/index.php\/catherine-de-zurich-a-berlin-pour-des-etudes-sans-frontieres\/#primaryimage\"},\"image\":{\"@id\":\"http:\/\/www.novatris.uha.fr\/index.php\/catherine-de-zurich-a-berlin-pour-des-etudes-sans-frontieres\/#primaryimage\"},\"thumbnailUrl\":\"http:\/\/www.novatris.uha.fr\/wp-content\/uploads\/2021\/03\/Regards_mobilite\u0301_blog_textes.jpg\",\"datePublished\":\"2022-07-19T14:17:15+00:00\",\"dateModified\":\"2022-07-22T07:23:08+00:00\",\"author\":{\"@id\":\"http:\/\/www.novatris.uha.fr\/#\/schema\/person\/8aec3138a2e34db9ede91fe59ca322c8\"},\"breadcrumb\":{\"@id\":\"http:\/\/www.novatris.uha.fr\/index.php\/catherine-de-zurich-a-berlin-pour-des-etudes-sans-frontieres\/#breadcrumb\"},\"inLanguage\":\"fr-FR\",\"potentialAction\":[{\"@type\":\"ReadAction\",\"target\":[\"http:\/\/www.novatris.uha.fr\/index.php\/catherine-de-zurich-a-berlin-pour-des-etudes-sans-frontieres\/\"]}]},{\"@type\":\"ImageObject\",\"inLanguage\":\"fr-FR\",\"@id\":\"http:\/\/www.novatris.uha.fr\/index.php\/catherine-de-zurich-a-berlin-pour-des-etudes-sans-frontieres\/#primaryimage\",\"url\":\"http:\/\/www.novatris.uha.fr\/wp-content\/uploads\/2021\/03\/Regards_mobilite\u0301_blog_textes.jpg\",\"contentUrl\":\"http:\/\/www.novatris.uha.fr\/wp-content\/uploads\/2021\/03\/Regards_mobilite\u0301_blog_textes.jpg\",\"width\":500,\"height\":350},{\"@type\":\"BreadcrumbList\",\"@id\":\"http:\/\/www.novatris.uha.fr\/index.php\/catherine-de-zurich-a-berlin-pour-des-etudes-sans-frontieres\/#breadcrumb\",\"itemListElement\":[{\"@type\":\"ListItem\",\"position\":1,\"name\":\"Accueil\",\"item\":\"http:\/\/www.novatris.uha.fr\/\"},{\"@type\":\"ListItem\",\"position\":2,\"name\":\"Catherine : de Z\u00fcrich \u00e0 Berlin pour des \u00e9tudes sans fronti\u00e8res\"}]},{\"@type\":\"WebSite\",\"@id\":\"http:\/\/www.novatris.uha.fr\/#website\",\"url\":\"http:\/\/www.novatris.uha.fr\/\",\"name\":\"NovaTris, centre de comp\u00e9tences transfrontali\u00e8res | Universit\u00e9 de Haute-Alsace\",\"description\":\"Campus Illberg | Universit\u00e9 de Haute-Alsace\",\"potentialAction\":[{\"@type\":\"SearchAction\",\"target\":{\"@type\":\"EntryPoint\",\"urlTemplate\":\"http:\/\/www.novatris.uha.fr\/?s={search_term_string}\"},\"query-input\":{\"@type\":\"PropertyValueSpecification\",\"valueRequired\":true,\"valueName\":\"search_term_string\"}}],\"inLanguage\":\"fr-FR\"},{\"@type\":\"Person\",\"@id\":\"http:\/\/www.novatris.uha.fr\/#\/schema\/person\/8aec3138a2e34db9ede91fe59ca322c8\",\"name\":\"webmaster@uha.fr\",\"image\":{\"@type\":\"ImageObject\",\"inLanguage\":\"fr-FR\",\"@id\":\"http:\/\/www.novatris.uha.fr\/#\/schema\/person\/image\/\",\"url\":\"https:\/\/secure.gravatar.com\/avatar\/7ae9c9b105a64214a8aa9fbd2c7d306cf0a8dc064d0aecf25fd00cb3af1c5089?s=96&d=mm&r=g\",\"contentUrl\":\"https:\/\/secure.gravatar.com\/avatar\/7ae9c9b105a64214a8aa9fbd2c7d306cf0a8dc064d0aecf25fd00cb3af1c5089?s=96&d=mm&r=g\",\"caption\":\"webmaster@uha.fr\"},\"url\":\"http:\/\/www.novatris.uha.fr\/index.php\/author\/webmasteruha-fr\/\"}]}<\/script>\n<!-- \/ Yoast SEO plugin. -->","yoast_head_json":{"title":"Catherine : de Z\u00fcrich \u00e0 Berlin pour des \u00e9tudes sans fronti\u00e8res - NovaTris, centre de comp\u00e9tences transfrontali\u00e8res | Universit\u00e9 de Haute-Alsace","robots":{"index":"index","follow":"follow","max-snippet":"max-snippet:-1","max-image-preview":"max-image-preview:large","max-video-preview":"max-video-preview:-1"},"canonical":"http:\/\/www.novatris.uha.fr\/index.php\/catherine-de-zurich-a-berlin-pour-des-etudes-sans-frontieres\/","og_locale":"fr_FR","og_type":"article","og_title":"Catherine : de Z\u00fcrich \u00e0 Berlin pour des \u00e9tudes sans fronti\u00e8res - NovaTris, centre de comp\u00e9tences transfrontali\u00e8res | Universit\u00e9 de Haute-Alsace","og_description":"Catherine, peux-tu nous pr\u00e9senter ton parcours ? J\u2019ai rejoint l\u2019aventure IBM en 2018 \u00e0 la suite d\u2019un cursus scientifique au lyc\u00e9e. Je n\u2019ai pas fait AbiBac, contrairement \u00e0 beaucoup d\u2019autres mais j\u2019ai fait section europ\u00e9enne allemand. Je savais que je voulais concilier les langues avec un domaine et on m\u2019a parl\u00e9 du concept des cursus [&hellip;]","og_url":"http:\/\/www.novatris.uha.fr\/index.php\/catherine-de-zurich-a-berlin-pour-des-etudes-sans-frontieres\/","og_site_name":"NovaTris, centre de comp\u00e9tences transfrontali\u00e8res | Universit\u00e9 de Haute-Alsace","article_published_time":"2022-07-19T14:17:15+00:00","article_modified_time":"2022-07-22T07:23:08+00:00","og_image":[{"width":500,"height":350,"url":"http:\/\/www.novatris.uha.fr\/wp-content\/uploads\/2021\/03\/Regards_mobilite\u0301_blog_textes.jpg","type":"image\/jpeg"}],"author":"webmaster@uha.fr","twitter_card":"summary_large_image","twitter_misc":{"\u00c9crit par":"webmaster@uha.fr","Dur\u00e9e de lecture estim\u00e9e":"5 minutes"},"schema":{"@context":"https:\/\/schema.org","@graph":[{"@type":"WebPage","@id":"http:\/\/www.novatris.uha.fr\/index.php\/catherine-de-zurich-a-berlin-pour-des-etudes-sans-frontieres\/","url":"http:\/\/www.novatris.uha.fr\/index.php\/catherine-de-zurich-a-berlin-pour-des-etudes-sans-frontieres\/","name":"Catherine : de Z\u00fcrich \u00e0 Berlin pour des \u00e9tudes sans fronti\u00e8res - NovaTris, centre de comp\u00e9tences transfrontali\u00e8res | Universit\u00e9 de Haute-Alsace","isPartOf":{"@id":"http:\/\/www.novatris.uha.fr\/#website"},"primaryImageOfPage":{"@id":"http:\/\/www.novatris.uha.fr\/index.php\/catherine-de-zurich-a-berlin-pour-des-etudes-sans-frontieres\/#primaryimage"},"image":{"@id":"http:\/\/www.novatris.uha.fr\/index.php\/catherine-de-zurich-a-berlin-pour-des-etudes-sans-frontieres\/#primaryimage"},"thumbnailUrl":"http:\/\/www.novatris.uha.fr\/wp-content\/uploads\/2021\/03\/Regards_mobilite\u0301_blog_textes.jpg","datePublished":"2022-07-19T14:17:15+00:00","dateModified":"2022-07-22T07:23:08+00:00","author":{"@id":"http:\/\/www.novatris.uha.fr\/#\/schema\/person\/8aec3138a2e34db9ede91fe59ca322c8"},"breadcrumb":{"@id":"http:\/\/www.novatris.uha.fr\/index.php\/catherine-de-zurich-a-berlin-pour-des-etudes-sans-frontieres\/#breadcrumb"},"inLanguage":"fr-FR","potentialAction":[{"@type":"ReadAction","target":["http:\/\/www.novatris.uha.fr\/index.php\/catherine-de-zurich-a-berlin-pour-des-etudes-sans-frontieres\/"]}]},{"@type":"ImageObject","inLanguage":"fr-FR","@id":"http:\/\/www.novatris.uha.fr\/index.php\/catherine-de-zurich-a-berlin-pour-des-etudes-sans-frontieres\/#primaryimage","url":"http:\/\/www.novatris.uha.fr\/wp-content\/uploads\/2021\/03\/Regards_mobilite\u0301_blog_textes.jpg","contentUrl":"http:\/\/www.novatris.uha.fr\/wp-content\/uploads\/2021\/03\/Regards_mobilite\u0301_blog_textes.jpg","width":500,"height":350},{"@type":"BreadcrumbList","@id":"http:\/\/www.novatris.uha.fr\/index.php\/catherine-de-zurich-a-berlin-pour-des-etudes-sans-frontieres\/#breadcrumb","itemListElement":[{"@type":"ListItem","position":1,"name":"Accueil","item":"http:\/\/www.novatris.uha.fr\/"},{"@type":"ListItem","position":2,"name":"Catherine : de Z\u00fcrich \u00e0 Berlin pour des \u00e9tudes sans fronti\u00e8res"}]},{"@type":"WebSite","@id":"http:\/\/www.novatris.uha.fr\/#website","url":"http:\/\/www.novatris.uha.fr\/","name":"NovaTris, centre de comp\u00e9tences transfrontali\u00e8res | Universit\u00e9 de Haute-Alsace","description":"Campus Illberg | Universit\u00e9 de Haute-Alsace","potentialAction":[{"@type":"SearchAction","target":{"@type":"EntryPoint","urlTemplate":"http:\/\/www.novatris.uha.fr\/?s={search_term_string}"},"query-input":{"@type":"PropertyValueSpecification","valueRequired":true,"valueName":"search_term_string"}}],"inLanguage":"fr-FR"},{"@type":"Person","@id":"http:\/\/www.novatris.uha.fr\/#\/schema\/person\/8aec3138a2e34db9ede91fe59ca322c8","name":"webmaster@uha.fr","image":{"@type":"ImageObject","inLanguage":"fr-FR","@id":"http:\/\/www.novatris.uha.fr\/#\/schema\/person\/image\/","url":"https:\/\/secure.gravatar.com\/avatar\/7ae9c9b105a64214a8aa9fbd2c7d306cf0a8dc064d0aecf25fd00cb3af1c5089?s=96&d=mm&r=g","contentUrl":"https:\/\/secure.gravatar.com\/avatar\/7ae9c9b105a64214a8aa9fbd2c7d306cf0a8dc064d0aecf25fd00cb3af1c5089?s=96&d=mm&r=g","caption":"webmaster@uha.fr"},"url":"http:\/\/www.novatris.uha.fr\/index.php\/author\/webmasteruha-fr\/"}]}},"_links":{"self":[{"href":"http:\/\/www.novatris.uha.fr\/index.php\/wp-json\/wp\/v2\/posts\/7725","targetHints":{"allow":["GET"]}}],"collection":[{"href":"http:\/\/www.novatris.uha.fr\/index.php\/wp-json\/wp\/v2\/posts"}],"about":[{"href":"http:\/\/www.novatris.uha.fr\/index.php\/wp-json\/wp\/v2\/types\/post"}],"author":[{"embeddable":true,"href":"http:\/\/www.novatris.uha.fr\/index.php\/wp-json\/wp\/v2\/users\/1"}],"replies":[{"embeddable":true,"href":"http:\/\/www.novatris.uha.fr\/index.php\/wp-json\/wp\/v2\/comments?post=7725"}],"version-history":[{"count":51,"href":"http:\/\/www.novatris.uha.fr\/index.php\/wp-json\/wp\/v2\/posts\/7725\/revisions"}],"predecessor-version":[{"id":8013,"href":"http:\/\/www.novatris.uha.fr\/index.php\/wp-json\/wp\/v2\/posts\/7725\/revisions\/8013"}],"wp:featuredmedia":[{"embeddable":true,"href":"http:\/\/www.novatris.uha.fr\/index.php\/wp-json\/wp\/v2\/media\/5261"}],"wp:attachment":[{"href":"http:\/\/www.novatris.uha.fr\/index.php\/wp-json\/wp\/v2\/media?parent=7725"}],"wp:term":[{"taxonomy":"category","embeddable":true,"href":"http:\/\/www.novatris.uha.fr\/index.php\/wp-json\/wp\/v2\/categories?post=7725"},{"taxonomy":"post_tag","embeddable":true,"href":"http:\/\/www.novatris.uha.fr\/index.php\/wp-json\/wp\/v2\/tags?post=7725"}],"curies":[{"name":"wp","href":"https:\/\/api.w.org\/{rel}","templated":true}]}}