{"id":3798,"date":"2020-07-22T08:42:28","date_gmt":"2020-07-22T06:42:28","guid":{"rendered":"http:\/\/www.novatris.uha.fr\/?p=3798"},"modified":"2021-10-28T13:22:23","modified_gmt":"2021-10-28T11:22:23","slug":"journee-novatris-2020","status":"publish","type":"post","link":"http:\/\/www.novatris.uha.fr\/index.php\/journee-novatris-2020\/","title":{"rendered":"Journ\u00e9e NovaTris 2020"},"content":{"rendered":"<p style=\"text-align: left;\"><img loading=\"lazy\" decoding=\"async\" class=\" wp-image-3844 alignright\" src=\"http:\/\/www.novatris.uha.fr\/wp-content\/uploads\/2020\/07\/Visuel_Siteinternet-300x206.png\" alt=\"Visuel Journ\u00e9e NovaTris 2020\" width=\"420\" height=\"288\" srcset=\"http:\/\/www.novatris.uha.fr\/wp-content\/uploads\/2020\/07\/Visuel_Siteinternet-300x206.png 300w, http:\/\/www.novatris.uha.fr\/wp-content\/uploads\/2020\/07\/Visuel_Siteinternet-1024x704.png 1024w, http:\/\/www.novatris.uha.fr\/wp-content\/uploads\/2020\/07\/Visuel_Siteinternet-768x528.png 768w, http:\/\/www.novatris.uha.fr\/wp-content\/uploads\/2020\/07\/Visuel_Siteinternet.png 1274w\" sizes=\"auto, (max-width: 420px) 100vw, 420px\" \/>Suite au report des Journ\u00e9es NovaTris, initialement pr\u00e9vues les 1er et 2 avril 2020, l\u2019\u00e9quipe de\u00a0<strong>NovaTris<\/strong>\u00a0se r\u00e9jouit de vous convier \u00e0\u00a0<strong>la Journ\u00e9e NovaTris 2020<\/strong>\u00a0qui aura lieu le\u00a0<strong>2 octobre 2020<\/strong>. Cet \u00e9v\u00e9nement se tiendra sous un format \u00e0 distance au vu du contexte sanitaire actuel.<\/p>\n<p>Au cours de la matin\u00e9e, vous pourrez participer au webinaire de <strong>lancement de la Chaire interculturalit\u00e9s<\/strong> de l\u2019<a href=\"http:\/\/www.uha.fr\" target=\"_blank\" rel=\"noopener noreferrer\">UHA<\/a>, avec la participation exceptionnelle de <strong>Fred Dervin<\/strong>, professeur en \u00e9ducation interculturelle de l\u2019<a href=\"https:\/\/www.helsinki.fi\/en\" target=\"_blank\" rel=\"noopener noreferrer\">Universit\u00e9 d\u2019Helsinki<\/a>.<\/p>\n<p>Suite aux discours d\u2019introduction et \u00e0 la conf\u00e9rence, vous pourrez interagir avec <strong>les porteurs de la chaire<\/strong> ainsi que Fred Dervin.<\/p>\n<p>L\u2019apr\u00e8s-midi sera r\u00e9serv\u00e9e aux <strong>formateurs form\u00e9s \u00e0 la p\u00e9dagogie NovaTris<\/strong>, qui pourront d\u00e9couvrir la plateforme p\u00e9dagogique en ligne de <strong>NovaTris<\/strong> et s\u2019initier \u00e0 l\u2019utilisation de la \u00ab\u00a0Bo\u00eete \u00e0 outils\u00a0\u00bb \u00e0 laquelle leur formation leur donne acc\u00e8s.<\/p>\n<p><strong>| <span style=\"color: #ff0000;\">DERNI\u00c8RE MINUTE<\/span> |<\/strong> : Pour ceux qui souhaitent encore <strong>participer \u00e0 la matin\u00e9e de la Journ\u00e9e NovaTris <\/strong>(inauguration\u00a0de la Chaire Interculturalit\u00e9s et webinaire du Professeur Fred Dervin), contactez-nous via notre adresse mail : <a href=\"mailto:novatris@uha.fr\" target=\"_blank\" rel=\"noopener noreferrer\">novatris@uha.fr<\/a><br \/>\nNous nous ferons un plaisir de vous transmettre le <strong>lien de connexion \u00e0 l&rsquo;\u00e9v\u00e8nement<\/strong> !<\/p>\n<p><strong>| <span style=\"color: #ff0000;\">LAST MINUTE<\/span> | <\/strong>: If you wish <strong>to take part to the NovaTris Day<\/strong> (inauguration of the Interculturalities Chair and webinar of Professor Fred Dervin), contact us via our e-mail address: <a href=\"mailto:novatris@uha.fr\">novatris@uha.fr<\/a><br \/>\nWe will be pleased to send you <strong>the link enabling you to join the event<\/strong>!<\/p>\n","protected":false},"excerpt":{"rendered":"<p>Suite au report des Journ\u00e9es NovaTris, initialement pr\u00e9vues les 1er et 2 avril 2020, l\u2019\u00e9quipe de\u00a0NovaTris\u00a0se r\u00e9jouit de vous convier \u00e0\u00a0la Journ\u00e9e NovaTris 2020\u00a0qui aura lieu le\u00a02 octobre 2020. Cet \u00e9v\u00e9nement se tiendra sous un format \u00e0 distance au vu du contexte sanitaire actuel. Au cours de la matin\u00e9e, vous pourrez participer au webinaire de [&hellip;]<\/p>\n","protected":false},"author":1,"featured_media":3844,"comment_status":"closed","ping_status":"closed","sticky":false,"template":"","format":"standard","meta":{"footnotes":""},"categories":[2],"tags":[],"class_list":["post-3798","post","type-post","status-publish","format-standard","has-post-thumbnail","hentry","category-actualites"],"yoast_head":"<!-- This site is optimized with the Yoast SEO plugin v24.8.1 - https:\/\/yoast.com\/wordpress\/plugins\/seo\/ -->\n<title>Journ\u00e9e NovaTris 2020 - NovaTris, centre de comp\u00e9tences transfrontali\u00e8res | Universit\u00e9 de Haute-Alsace<\/title>\n<meta name=\"robots\" content=\"index, follow, max-snippet:-1, max-image-preview:large, max-video-preview:-1\" \/>\n<link rel=\"canonical\" href=\"http:\/\/www.novatris.uha.fr\/index.php\/journee-novatris-2020\/\" \/>\n<meta property=\"og:locale\" content=\"fr_FR\" \/>\n<meta property=\"og:type\" content=\"article\" \/>\n<meta property=\"og:title\" content=\"Journ\u00e9e NovaTris 2020 - NovaTris, centre de comp\u00e9tences transfrontali\u00e8res | Universit\u00e9 de Haute-Alsace\" \/>\n<meta property=\"og:description\" content=\"Suite au report des Journ\u00e9es NovaTris, initialement pr\u00e9vues les 1er et 2 avril 2020, l\u2019\u00e9quipe de\u00a0NovaTris\u00a0se r\u00e9jouit de vous convier \u00e0\u00a0la Journ\u00e9e NovaTris 2020\u00a0qui aura lieu le\u00a02 octobre 2020. Cet \u00e9v\u00e9nement se tiendra sous un format \u00e0 distance au vu du contexte sanitaire actuel. Au cours de la matin\u00e9e, vous pourrez participer au webinaire de [&hellip;]\" \/>\n<meta property=\"og:url\" content=\"http:\/\/www.novatris.uha.fr\/index.php\/journee-novatris-2020\/\" \/>\n<meta property=\"og:site_name\" content=\"NovaTris, centre de comp\u00e9tences transfrontali\u00e8res | Universit\u00e9 de Haute-Alsace\" \/>\n<meta property=\"article:published_time\" content=\"2020-07-22T06:42:28+00:00\" \/>\n<meta property=\"article:modified_time\" content=\"2021-10-28T11:22:23+00:00\" \/>\n<meta property=\"og:image\" content=\"http:\/\/www.novatris.uha.fr\/wp-content\/uploads\/2020\/07\/Visuel_Siteinternet.png\" \/>\n\t<meta property=\"og:image:width\" content=\"1274\" \/>\n\t<meta property=\"og:image:height\" content=\"876\" \/>\n\t<meta property=\"og:image:type\" content=\"image\/png\" \/>\n<meta name=\"author\" content=\"webmaster@uha.fr\" \/>\n<meta name=\"twitter:card\" content=\"summary_large_image\" \/>\n<meta name=\"twitter:label1\" content=\"\u00c9crit par\" \/>\n\t<meta name=\"twitter:data1\" content=\"webmaster@uha.fr\" \/>\n\t<meta name=\"twitter:label2\" content=\"Dur\u00e9e de lecture estim\u00e9e\" \/>\n\t<meta name=\"twitter:data2\" content=\"1 minute\" \/>\n<script type=\"application\/ld+json\" class=\"yoast-schema-graph\">{\"@context\":\"https:\/\/schema.org\",\"@graph\":[{\"@type\":\"WebPage\",\"@id\":\"http:\/\/www.novatris.uha.fr\/index.php\/journee-novatris-2020\/\",\"url\":\"http:\/\/www.novatris.uha.fr\/index.php\/journee-novatris-2020\/\",\"name\":\"Journ\u00e9e NovaTris 2020 - NovaTris, centre de comp\u00e9tences transfrontali\u00e8res | Universit\u00e9 de Haute-Alsace\",\"isPartOf\":{\"@id\":\"http:\/\/www.novatris.uha.fr\/#website\"},\"primaryImageOfPage\":{\"@id\":\"http:\/\/www.novatris.uha.fr\/index.php\/journee-novatris-2020\/#primaryimage\"},\"image\":{\"@id\":\"http:\/\/www.novatris.uha.fr\/index.php\/journee-novatris-2020\/#primaryimage\"},\"thumbnailUrl\":\"http:\/\/www.novatris.uha.fr\/wp-content\/uploads\/2020\/07\/Visuel_Siteinternet.png\",\"datePublished\":\"2020-07-22T06:42:28+00:00\",\"dateModified\":\"2021-10-28T11:22:23+00:00\",\"author\":{\"@id\":\"http:\/\/www.novatris.uha.fr\/#\/schema\/person\/8aec3138a2e34db9ede91fe59ca322c8\"},\"breadcrumb\":{\"@id\":\"http:\/\/www.novatris.uha.fr\/index.php\/journee-novatris-2020\/#breadcrumb\"},\"inLanguage\":\"fr-FR\",\"potentialAction\":[{\"@type\":\"ReadAction\",\"target\":[\"http:\/\/www.novatris.uha.fr\/index.php\/journee-novatris-2020\/\"]}]},{\"@type\":\"ImageObject\",\"inLanguage\":\"fr-FR\",\"@id\":\"http:\/\/www.novatris.uha.fr\/index.php\/journee-novatris-2020\/#primaryimage\",\"url\":\"http:\/\/www.novatris.uha.fr\/wp-content\/uploads\/2020\/07\/Visuel_Siteinternet.png\",\"contentUrl\":\"http:\/\/www.novatris.uha.fr\/wp-content\/uploads\/2020\/07\/Visuel_Siteinternet.png\",\"width\":1274,\"height\":876,\"caption\":\"Visuel Journ\u00e9e NovaTris 2020\"},{\"@type\":\"BreadcrumbList\",\"@id\":\"http:\/\/www.novatris.uha.fr\/index.php\/journee-novatris-2020\/#breadcrumb\",\"itemListElement\":[{\"@type\":\"ListItem\",\"position\":1,\"name\":\"Accueil\",\"item\":\"http:\/\/www.novatris.uha.fr\/\"},{\"@type\":\"ListItem\",\"position\":2,\"name\":\"Journ\u00e9e NovaTris 2020\"}]},{\"@type\":\"WebSite\",\"@id\":\"http:\/\/www.novatris.uha.fr\/#website\",\"url\":\"http:\/\/www.novatris.uha.fr\/\",\"name\":\"NovaTris, centre de comp\u00e9tences transfrontali\u00e8res | Universit\u00e9 de Haute-Alsace\",\"description\":\"Campus Illberg | Universit\u00e9 de Haute-Alsace\",\"potentialAction\":[{\"@type\":\"SearchAction\",\"target\":{\"@type\":\"EntryPoint\",\"urlTemplate\":\"http:\/\/www.novatris.uha.fr\/?s={search_term_string}\"},\"query-input\":{\"@type\":\"PropertyValueSpecification\",\"valueRequired\":true,\"valueName\":\"search_term_string\"}}],\"inLanguage\":\"fr-FR\"},{\"@type\":\"Person\",\"@id\":\"http:\/\/www.novatris.uha.fr\/#\/schema\/person\/8aec3138a2e34db9ede91fe59ca322c8\",\"name\":\"webmaster@uha.fr\",\"image\":{\"@type\":\"ImageObject\",\"inLanguage\":\"fr-FR\",\"@id\":\"http:\/\/www.novatris.uha.fr\/#\/schema\/person\/image\/\",\"url\":\"https:\/\/secure.gravatar.com\/avatar\/7ae9c9b105a64214a8aa9fbd2c7d306cf0a8dc064d0aecf25fd00cb3af1c5089?s=96&d=mm&r=g\",\"contentUrl\":\"https:\/\/secure.gravatar.com\/avatar\/7ae9c9b105a64214a8aa9fbd2c7d306cf0a8dc064d0aecf25fd00cb3af1c5089?s=96&d=mm&r=g\",\"caption\":\"webmaster@uha.fr\"},\"url\":\"http:\/\/www.novatris.uha.fr\/index.php\/author\/webmasteruha-fr\/\"}]}<\/script>\n<!-- \/ Yoast SEO plugin. -->","yoast_head_json":{"title":"Journ\u00e9e NovaTris 2020 - NovaTris, centre de comp\u00e9tences transfrontali\u00e8res | Universit\u00e9 de Haute-Alsace","robots":{"index":"index","follow":"follow","max-snippet":"max-snippet:-1","max-image-preview":"max-image-preview:large","max-video-preview":"max-video-preview:-1"},"canonical":"http:\/\/www.novatris.uha.fr\/index.php\/journee-novatris-2020\/","og_locale":"fr_FR","og_type":"article","og_title":"Journ\u00e9e NovaTris 2020 - NovaTris, centre de comp\u00e9tences transfrontali\u00e8res | Universit\u00e9 de Haute-Alsace","og_description":"Suite au report des Journ\u00e9es NovaTris, initialement pr\u00e9vues les 1er et 2 avril 2020, l\u2019\u00e9quipe de\u00a0NovaTris\u00a0se r\u00e9jouit de vous convier \u00e0\u00a0la Journ\u00e9e NovaTris 2020\u00a0qui aura lieu le\u00a02 octobre 2020. Cet \u00e9v\u00e9nement se tiendra sous un format \u00e0 distance au vu du contexte sanitaire actuel. Au cours de la matin\u00e9e, vous pourrez participer au webinaire de [&hellip;]","og_url":"http:\/\/www.novatris.uha.fr\/index.php\/journee-novatris-2020\/","og_site_name":"NovaTris, centre de comp\u00e9tences transfrontali\u00e8res | Universit\u00e9 de Haute-Alsace","article_published_time":"2020-07-22T06:42:28+00:00","article_modified_time":"2021-10-28T11:22:23+00:00","og_image":[{"width":1274,"height":876,"url":"http:\/\/www.novatris.uha.fr\/wp-content\/uploads\/2020\/07\/Visuel_Siteinternet.png","type":"image\/png"}],"author":"webmaster@uha.fr","twitter_card":"summary_large_image","twitter_misc":{"\u00c9crit par":"webmaster@uha.fr","Dur\u00e9e de lecture estim\u00e9e":"1 minute"},"schema":{"@context":"https:\/\/schema.org","@graph":[{"@type":"WebPage","@id":"http:\/\/www.novatris.uha.fr\/index.php\/journee-novatris-2020\/","url":"http:\/\/www.novatris.uha.fr\/index.php\/journee-novatris-2020\/","name":"Journ\u00e9e NovaTris 2020 - NovaTris, centre de comp\u00e9tences transfrontali\u00e8res | Universit\u00e9 de Haute-Alsace","isPartOf":{"@id":"http:\/\/www.novatris.uha.fr\/#website"},"primaryImageOfPage":{"@id":"http:\/\/www.novatris.uha.fr\/index.php\/journee-novatris-2020\/#primaryimage"},"image":{"@id":"http:\/\/www.novatris.uha.fr\/index.php\/journee-novatris-2020\/#primaryimage"},"thumbnailUrl":"http:\/\/www.novatris.uha.fr\/wp-content\/uploads\/2020\/07\/Visuel_Siteinternet.png","datePublished":"2020-07-22T06:42:28+00:00","dateModified":"2021-10-28T11:22:23+00:00","author":{"@id":"http:\/\/www.novatris.uha.fr\/#\/schema\/person\/8aec3138a2e34db9ede91fe59ca322c8"},"breadcrumb":{"@id":"http:\/\/www.novatris.uha.fr\/index.php\/journee-novatris-2020\/#breadcrumb"},"inLanguage":"fr-FR","potentialAction":[{"@type":"ReadAction","target":["http:\/\/www.novatris.uha.fr\/index.php\/journee-novatris-2020\/"]}]},{"@type":"ImageObject","inLanguage":"fr-FR","@id":"http:\/\/www.novatris.uha.fr\/index.php\/journee-novatris-2020\/#primaryimage","url":"http:\/\/www.novatris.uha.fr\/wp-content\/uploads\/2020\/07\/Visuel_Siteinternet.png","contentUrl":"http:\/\/www.novatris.uha.fr\/wp-content\/uploads\/2020\/07\/Visuel_Siteinternet.png","width":1274,"height":876,"caption":"Visuel Journ\u00e9e NovaTris 2020"},{"@type":"BreadcrumbList","@id":"http:\/\/www.novatris.uha.fr\/index.php\/journee-novatris-2020\/#breadcrumb","itemListElement":[{"@type":"ListItem","position":1,"name":"Accueil","item":"http:\/\/www.novatris.uha.fr\/"},{"@type":"ListItem","position":2,"name":"Journ\u00e9e NovaTris 2020"}]},{"@type":"WebSite","@id":"http:\/\/www.novatris.uha.fr\/#website","url":"http:\/\/www.novatris.uha.fr\/","name":"NovaTris, centre de comp\u00e9tences transfrontali\u00e8res | Universit\u00e9 de Haute-Alsace","description":"Campus Illberg | Universit\u00e9 de Haute-Alsace","potentialAction":[{"@type":"SearchAction","target":{"@type":"EntryPoint","urlTemplate":"http:\/\/www.novatris.uha.fr\/?s={search_term_string}"},"query-input":{"@type":"PropertyValueSpecification","valueRequired":true,"valueName":"search_term_string"}}],"inLanguage":"fr-FR"},{"@type":"Person","@id":"http:\/\/www.novatris.uha.fr\/#\/schema\/person\/8aec3138a2e34db9ede91fe59ca322c8","name":"webmaster@uha.fr","image":{"@type":"ImageObject","inLanguage":"fr-FR","@id":"http:\/\/www.novatris.uha.fr\/#\/schema\/person\/image\/","url":"https:\/\/secure.gravatar.com\/avatar\/7ae9c9b105a64214a8aa9fbd2c7d306cf0a8dc064d0aecf25fd00cb3af1c5089?s=96&d=mm&r=g","contentUrl":"https:\/\/secure.gravatar.com\/avatar\/7ae9c9b105a64214a8aa9fbd2c7d306cf0a8dc064d0aecf25fd00cb3af1c5089?s=96&d=mm&r=g","caption":"webmaster@uha.fr"},"url":"http:\/\/www.novatris.uha.fr\/index.php\/author\/webmasteruha-fr\/"}]}},"_links":{"self":[{"href":"http:\/\/www.novatris.uha.fr\/index.php\/wp-json\/wp\/v2\/posts\/3798","targetHints":{"allow":["GET"]}}],"collection":[{"href":"http:\/\/www.novatris.uha.fr\/index.php\/wp-json\/wp\/v2\/posts"}],"about":[{"href":"http:\/\/www.novatris.uha.fr\/index.php\/wp-json\/wp\/v2\/types\/post"}],"author":[{"embeddable":true,"href":"http:\/\/www.novatris.uha.fr\/index.php\/wp-json\/wp\/v2\/users\/1"}],"replies":[{"embeddable":true,"href":"http:\/\/www.novatris.uha.fr\/index.php\/wp-json\/wp\/v2\/comments?post=3798"}],"version-history":[{"count":23,"href":"http:\/\/www.novatris.uha.fr\/index.php\/wp-json\/wp\/v2\/posts\/3798\/revisions"}],"predecessor-version":[{"id":6560,"href":"http:\/\/www.novatris.uha.fr\/index.php\/wp-json\/wp\/v2\/posts\/3798\/revisions\/6560"}],"wp:featuredmedia":[{"embeddable":true,"href":"http:\/\/www.novatris.uha.fr\/index.php\/wp-json\/wp\/v2\/media\/3844"}],"wp:attachment":[{"href":"http:\/\/www.novatris.uha.fr\/index.php\/wp-json\/wp\/v2\/media?parent=3798"}],"wp:term":[{"taxonomy":"category","embeddable":true,"href":"http:\/\/www.novatris.uha.fr\/index.php\/wp-json\/wp\/v2\/categories?post=3798"},{"taxonomy":"post_tag","embeddable":true,"href":"http:\/\/www.novatris.uha.fr\/index.php\/wp-json\/wp\/v2\/tags?post=3798"}],"curies":[{"name":"wp","href":"https:\/\/api.w.org\/{rel}","templated":true}]}}